{"id":3286,"date":"2020-12-15T18:02:57","date_gmt":"2020-12-15T17:02:57","guid":{"rendered":"https:\/\/planetdark.tv\/pl\/?p=3286"},"modified":"2020-12-15T18:02:59","modified_gmt":"2020-12-15T17:02:59","slug":"obcy-pojawi-sie-w-telewizji","status":"publish","type":"post","link":"https:\/\/planetdark.tv\/pl\/2020\/12\/15\/obcy-pojawi-sie-w-telewizji\/","title":{"rendered":"OBCY POJAWI SI\u0118 W TELEWIZJI"},"content":{"rendered":"\n<p>Wiadomo\u015b\u0107, na kt\u00f3r\u0105 czekali\u015bmy od czasu og\u0142oszenia nowego Predatora, jest ju\u017c dost\u0119pna. OBCY powr\u00f3ci\u0142! Po prostu nie b\u0119dzie go na du\u017cym ekranie, tylko na ekranie telewizora. Legendarny ksenomorf dostanie sw\u00f3j w\u0142asny serial. Informacja zosta\u0142a potwierdzona przez prezesa FX Networks Johna Landgrafa podczas Disney Investor Day.<\/p>\n\n\n\n<p>Projekt telewizyjny dla p\u0142atnej stacji FX napisze Noah Hawley, autor niezwykle udanej wersji serialowej <em>Fargo <\/em>i adaptacji komiksu komiksu <em>Legion<\/em>. B\u0119dzie te\u017c nadzorowa\u0142 serial ze stanowiska producenta wykonawczego. Stacja prowadzi obecnie negocjacje z Ridleyem Scottem, duchowym ojcem ca\u0142ej sagi o kosmitach, kt\u00f3remu zaproponowano stanowisko producenta. Na razie nie zapad\u0142a \u017cadna decyzja z jego strony, ale od trzech lat stara si\u0119 o\u017cywi\u0107 mark\u0119. <\/p>\n\n\n\n<figure class=\"wp-block-image size-large\"><img loading=\"lazy\" width=\"1024\" height=\"576\" src=\"https:\/\/planetdark.tv\/pl\/wp-content\/uploads\/2020\/12\/alien-fx-1024x576-1.jpg\" alt=\"\" class=\"wp-image-3287\" srcset=\"https:\/\/planetdark.tv\/pl\/wp-content\/uploads\/2020\/12\/alien-fx-1024x576-1.jpg 1024w, https:\/\/planetdark.tv\/pl\/wp-content\/uploads\/2020\/12\/alien-fx-1024x576-1-300x169.jpg 300w, https:\/\/planetdark.tv\/pl\/wp-content\/uploads\/2020\/12\/alien-fx-1024x576-1-768x432.jpg 768w, https:\/\/planetdark.tv\/pl\/wp-content\/uploads\/2020\/12\/alien-fx-1024x576-1-150x83.jpg 150w, https:\/\/planetdark.tv\/pl\/wp-content\/uploads\/2020\/12\/alien-fx-1024x576-1-335x188.jpg 335w, https:\/\/planetdark.tv\/pl\/wp-content\/uploads\/2020\/12\/alien-fx-1024x576-1-700x394.jpg 700w, https:\/\/planetdark.tv\/pl\/wp-content\/uploads\/2020\/12\/alien-fx-1024x576-1-600x338.jpg 600w\" sizes=\"(max-width: 1024px) 100vw, 1024px\" \/><\/figure>\n\n\n\n<p>Podczas prezentacji nadchodz\u0105cego serialu Landgraf zdradzi\u0142, \u017ce jego akcja rozgrywa\u0107 si\u0119 b\u0119dzie w niedalekiej przysz\u0142o\u015bci na Ziemi. Wed\u0142ug niego b\u0119dzie to \u201epo\u0142\u0105czenie ponadczasowej atmosfery horroru pierwowzoru i nieustaj\u0105cej akcji z drugiego filmu\u201d. Widzowie mog\u0105 spodziewa\u0107 si\u0119 ekscytuj\u0105cej, pe\u0142nej grozy jazdy bez trzymanki. Hawley od jakiego\u015b czasu pracowa\u0142 nad telewizyjnym powrotem krwio\u017cerczego ksenomorfa, ale nikt w FX Networks nie okaza\u0142 najmniejszego zainteresowania serialem. Do teraz.<\/p>\n\n\n\n<p>Wygl\u0105da na to, \u017ce w Disneyu naprawd\u0119 obr\u00f3cili wszystko o sto osiemdziesi\u0105t stopni i ca\u0142kowicie zmienili sw\u00f3j stosunek do tytu\u0142\u00f3w gatunkowych. Telewizyjny ALIEN to nie jedyny nowy projekt marki. Zaledwie kilka dni temu wydawnictwo komiks\u00f3w Marvela (r\u00f3wnie\u017c nale\u017c\u0105ce do Disneya) og\u0142osi\u0142o now\u0105 lini\u0119 z kosmicznego wszech\u015bwiata, kt\u00f3ra skupi si\u0119 na najemniku Weyland-Yutani walcz\u0105cym z now\u0105 ras\u0105 obcych potwor\u00f3w. <\/p>\n\n\n\n<figure class=\"wp-block-image size-large\"><img loading=\"lazy\" width=\"666\" height=\"1024\" src=\"https:\/\/planetdark.tv\/pl\/wp-content\/uploads\/2020\/12\/alien-marvel-666x1024-1.jpg\" alt=\"\" class=\"wp-image-3288\" srcset=\"https:\/\/planetdark.tv\/pl\/wp-content\/uploads\/2020\/12\/alien-marvel-666x1024-1.jpg 666w, https:\/\/planetdark.tv\/pl\/wp-content\/uploads\/2020\/12\/alien-marvel-666x1024-1-195x300.jpg 195w, https:\/\/planetdark.tv\/pl\/wp-content\/uploads\/2020\/12\/alien-marvel-666x1024-1-218x335.jpg 218w, https:\/\/planetdark.tv\/pl\/wp-content\/uploads\/2020\/12\/alien-marvel-666x1024-1-600x923.jpg 600w\" sizes=\"(max-width: 666px) 100vw, 666px\" \/><\/figure>\n","protected":false},"excerpt":{"rendered":"<p>Wiadomo\u015b\u0107, na kt\u00f3r\u0105 czekali\u015bmy od czasu og\u0142oszenia nowego Predatora, jest ju\u017c dost\u0119pna. OBCY powr\u00f3ci\u0142! Po prostu nie b\u0119dzie go na du\u017cym ekranie, tylko na ekranie telewizora. Legendarny ksenomorf dostanie sw\u00f3j w\u0142asny serial. Informacja zosta\u0142a potwierdzona przez prezesa FX Networks Johna Landgrafa podczas Disney Investor Day. Projekt telewizyjny dla p\u0142atnej stacji FX napisze Noah Hawley, autor &#8230;<\/p>\n","protected":false},"author":7,"featured_media":3289,"comment_status":"open","ping_status":"open","sticky":false,"template":"","format":"standard","meta":[],"categories":[16],"tags":[689,690,104,529],"yoast_head":"<!-- This site is optimized with the Yoast SEO plugin v14.7 - https:\/\/yoast.com\/wordpress\/plugins\/seo\/ -->\n<title>OBCY POJAWI SI\u0118 W TELEWIZJI | Planet Dark<\/title>\n<meta name=\"robots\" content=\"index, follow\" \/>\n<meta name=\"googlebot\" content=\"index, follow, max-snippet:-1, max-image-preview:large, max-video-preview:-1\" \/>\n<meta name=\"bingbot\" content=\"index, follow, max-snippet:-1, max-image-preview:large, max-video-preview:-1\" \/>\n<link rel=\"canonical\" href=\"https:\/\/planetdark.tv\/pl\/2020\/12\/15\/obcy-pojawi-sie-w-telewizji\/\" \/>\n<meta property=\"og:locale\" content=\"pl_PL\" \/>\n<meta property=\"og:type\" content=\"article\" \/>\n<meta property=\"og:title\" content=\"OBCY POJAWI SI\u0118 W TELEWIZJI | Planet Dark\" \/>\n<meta property=\"og:description\" content=\"Wiadomo\u015b\u0107, na kt\u00f3r\u0105 czekali\u015bmy od czasu og\u0142oszenia nowego Predatora, jest ju\u017c dost\u0119pna. OBCY powr\u00f3ci\u0142! Po prostu nie b\u0119dzie go na du\u017cym ekranie, tylko na ekranie telewizora. Legendarny ksenomorf dostanie sw\u00f3j w\u0142asny serial. Informacja zosta\u0142a potwierdzona przez prezesa FX Networks Johna Landgrafa podczas Disney Investor Day. Projekt telewizyjny dla p\u0142atnej stacji FX napisze Noah Hawley, autor ...\" \/>\n<meta property=\"og:url\" content=\"https:\/\/planetdark.tv\/pl\/2020\/12\/15\/obcy-pojawi-sie-w-telewizji\/\" \/>\n<meta property=\"og:site_name\" content=\"Planet Dark\" \/>\n<meta property=\"article:publisher\" content=\"https:\/\/www.facebook.com\/planetdarkpresents\/\" \/>\n<meta property=\"article:published_time\" content=\"2020-12-15T17:02:57+00:00\" \/>\n<meta property=\"article:modified_time\" content=\"2020-12-15T17:02:59+00:00\" \/>\n<meta property=\"og:image\" content=\"https:\/\/planetdark.tv\/pl\/wp-content\/uploads\/2020\/12\/Alien-titulka.jpg\" \/>\n\t<meta property=\"og:image:width\" content=\"1600\" \/>\n\t<meta property=\"og:image:height\" content=\"900\" \/>\n<meta name=\"twitter:card\" content=\"summary_large_image\" \/>\n<script type=\"application\/ld+json\" class=\"yoast-schema-graph\">{\"@context\":\"https:\/\/schema.org\",\"@graph\":[{\"@type\":\"WebSite\",\"@id\":\"https:\/\/planetdark.tv\/pl\/#website\",\"url\":\"https:\/\/planetdark.tv\/pl\/\",\"name\":\"Planet Dark\",\"description\":\"horor - thriller - noir - dark fantasy - true crime\",\"potentialAction\":[{\"@type\":\"SearchAction\",\"target\":\"https:\/\/planetdark.tv\/pl\/?s={search_term_string}\",\"query-input\":\"required name=search_term_string\"}],\"inLanguage\":\"pl-PL\"},{\"@type\":\"ImageObject\",\"@id\":\"https:\/\/planetdark.tv\/pl\/2020\/12\/15\/obcy-pojawi-sie-w-telewizji\/#primaryimage\",\"inLanguage\":\"pl-PL\",\"url\":\"https:\/\/planetdark.tv\/pl\/wp-content\/uploads\/2020\/12\/Alien-titulka.jpg\",\"width\":1600,\"height\":900},{\"@type\":\"WebPage\",\"@id\":\"https:\/\/planetdark.tv\/pl\/2020\/12\/15\/obcy-pojawi-sie-w-telewizji\/#webpage\",\"url\":\"https:\/\/planetdark.tv\/pl\/2020\/12\/15\/obcy-pojawi-sie-w-telewizji\/\",\"name\":\"OBCY POJAWI SI\\u0118 W TELEWIZJI | Planet Dark\",\"isPartOf\":{\"@id\":\"https:\/\/planetdark.tv\/pl\/#website\"},\"primaryImageOfPage\":{\"@id\":\"https:\/\/planetdark.tv\/pl\/2020\/12\/15\/obcy-pojawi-sie-w-telewizji\/#primaryimage\"},\"datePublished\":\"2020-12-15T17:02:57+00:00\",\"dateModified\":\"2020-12-15T17:02:59+00:00\",\"author\":{\"@id\":\"https:\/\/planetdark.tv\/pl\/#\/schema\/person\/6f48d3add9102a8f58cab432fa8b34f4\"},\"inLanguage\":\"pl-PL\",\"potentialAction\":[{\"@type\":\"ReadAction\",\"target\":[\"https:\/\/planetdark.tv\/pl\/2020\/12\/15\/obcy-pojawi-sie-w-telewizji\/\"]}]},{\"@type\":[\"Person\"],\"@id\":\"https:\/\/planetdark.tv\/pl\/#\/schema\/person\/6f48d3add9102a8f58cab432fa8b34f4\",\"name\":\"Maciej Dopierala\",\"image\":{\"@type\":\"ImageObject\",\"@id\":\"https:\/\/planetdark.tv\/pl\/#personlogo\",\"inLanguage\":\"pl-PL\",\"url\":\"https:\/\/planetdark.tv\/pl\/wp-content\/plugins\/wp-user-avatar\/images\/wpua-96x96.png\",\"caption\":\"Maciej Dopierala\"}}]}<\/script>\n<!-- \/ Yoast SEO plugin. -->","_links":{"self":[{"href":"https:\/\/planetdark.tv\/pl\/wp-json\/wp\/v2\/posts\/3286"}],"collection":[{"href":"https:\/\/planetdark.tv\/pl\/wp-json\/wp\/v2\/posts"}],"about":[{"href":"https:\/\/planetdark.tv\/pl\/wp-json\/wp\/v2\/types\/post"}],"author":[{"embeddable":true,"href":"https:\/\/planetdark.tv\/pl\/wp-json\/wp\/v2\/users\/7"}],"replies":[{"embeddable":true,"href":"https:\/\/planetdark.tv\/pl\/wp-json\/wp\/v2\/comments?post=3286"}],"version-history":[{"count":1,"href":"https:\/\/planetdark.tv\/pl\/wp-json\/wp\/v2\/posts\/3286\/revisions"}],"predecessor-version":[{"id":3290,"href":"https:\/\/planetdark.tv\/pl\/wp-json\/wp\/v2\/posts\/3286\/revisions\/3290"}],"wp:featuredmedia":[{"embeddable":true,"href":"https:\/\/planetdark.tv\/pl\/wp-json\/wp\/v2\/media\/3289"}],"wp:attachment":[{"href":"https:\/\/planetdark.tv\/pl\/wp-json\/wp\/v2\/media?parent=3286"}],"wp:term":[{"taxonomy":"category","embeddable":true,"href":"https:\/\/planetdark.tv\/pl\/wp-json\/wp\/v2\/categories?post=3286"},{"taxonomy":"post_tag","embeddable":true,"href":"https:\/\/planetdark.tv\/pl\/wp-json\/wp\/v2\/tags?post=3286"}],"curies":[{"name":"wp","href":"https:\/\/api.w.org\/{rel}","templated":true}]}}